{"id":7385,"date":"2025-08-17T22:13:09","date_gmt":"2025-08-17T22:13:09","guid":{"rendered":"https:\/\/eghonguzmanb.cl\/site\/?p=7385"},"modified":"2025-08-17T22:13:09","modified_gmt":"2025-08-17T22:13:09","slug":"infosochumb-invitacion-past-president-jornadas-2025","status":"publish","type":"post","link":"https:\/\/eghonguzmanb.cl\/site\/2025\/08\/17\/infosochumb-invitacion-past-president-jornadas-2025\/","title":{"rendered":"INFOSOCHUMB. INVITACION PAST PRESIDENT JORNADAS 2025"},"content":{"rendered":"\n<p>Estimado Dr. Guzm\u00e1n:<\/p>\n\n\n\n<p>Junto con saludar cordialmente, tenemos el agrado de invitar a Ud., a las \u00abXVII Jornadas 2025\u00bb, a realizarse los d\u00edas 01 y 02 de agosto 2025 en el Hotel Wyndham (ex Cumbres) de Puerto Varas.<\/p>\n\n\n\n<p>Se solicita por favor considerar su respuesta a la brevedad para la reserva de habitaci\u00f3n (doble): check &#8211; in 31 de julio y check &#8211; out 02 de agosto.<\/p>\n\n\n\n<p>El valor del pasaje a\u00e9reo&nbsp; lo dejaremos&nbsp; a su cargo para el posterior reembolso por SOCHUMB.<\/p>\n\n\n\n<p>Esperando desde ya contar con su compa\u00f1\u00eda.<\/p>\n\n\n\n<p>Dr. Ignacio Monta\u00f1o&nbsp; &nbsp; &nbsp; &nbsp; &nbsp; &nbsp; &nbsp; &nbsp; &nbsp; &nbsp; &nbsp; &nbsp; &nbsp; &nbsp; &nbsp; &nbsp; &nbsp; &nbsp; Dra. Ximena Flores<\/p>\n\n\n\n<p>Secretario General&nbsp; &nbsp; &nbsp; &nbsp; &nbsp; &nbsp; &nbsp; &nbsp; &nbsp; &nbsp; &nbsp; &nbsp; &nbsp; &nbsp; &nbsp; &nbsp; &nbsp; &nbsp; &nbsp; &nbsp;Presidenta<\/p>\n","protected":false},"excerpt":{"rendered":"<p>Estimado Dr. Guzm\u00e1n: Junto con saludar cordialmente, tenemos el agrado de invitar a Ud., a las \u00abXVII Jornadas 2025\u00bb, a realizarse los d\u00edas 01 y 02 de agosto 2025 en el Hotel Wyndham (ex Cumbres) de Puerto Varas. Se solicita por favor considerar su respuesta a la brevedad para la reserva de habitaci\u00f3n (doble): check &#8211; in 31 de julio y check &#8211; out 02 de agosto. El valor del pasaje a\u00e9reo&nbsp; lo dejaremos&nbsp; a su cargo para el posterior reembolso por SOCHUMB. Esperando desde ya contar con su compa\u00f1\u00eda. Dr. Ignacio Monta\u00f1o&nbsp; &nbsp; &nbsp; &nbsp; &nbsp; &nbsp; &nbsp; &nbsp; &nbsp; &nbsp; &nbsp; &nbsp; &nbsp; &nbsp; &nbsp; &nbsp; &nbsp; &nbsp; Dra. Ximena Flores Secretario General&nbsp; &nbsp; &nbsp; &nbsp; &nbsp; &nbsp; &nbsp; &nbsp; &nbsp; &nbsp; &nbsp; &nbsp; &nbsp; &nbsp; &nbsp; &nbsp; &nbsp; &nbsp; &nbsp; &nbsp;Presidenta<\/p>\n","protected":false},"author":1,"featured_media":0,"comment_status":"closed","ping_status":"","sticky":false,"template":"","format":"standard","meta":{"footnotes":""},"categories":[3],"tags":[],"class_list":["post-7385","post","type-post","status-publish","format-standard","hentry","category-noticias"],"_links":{"self":[{"href":"https:\/\/eghonguzmanb.cl\/site\/wp-json\/wp\/v2\/posts\/7385","targetHints":{"allow":["GET"]}}],"collection":[{"href":"https:\/\/eghonguzmanb.cl\/site\/wp-json\/wp\/v2\/posts"}],"about":[{"href":"https:\/\/eghonguzmanb.cl\/site\/wp-json\/wp\/v2\/types\/post"}],"author":[{"embeddable":true,"href":"https:\/\/eghonguzmanb.cl\/site\/wp-json\/wp\/v2\/users\/1"}],"replies":[{"embeddable":true,"href":"https:\/\/eghonguzmanb.cl\/site\/wp-json\/wp\/v2\/comments?post=7385"}],"version-history":[{"count":1,"href":"https:\/\/eghonguzmanb.cl\/site\/wp-json\/wp\/v2\/posts\/7385\/revisions"}],"predecessor-version":[{"id":7386,"href":"https:\/\/eghonguzmanb.cl\/site\/wp-json\/wp\/v2\/posts\/7385\/revisions\/7386"}],"wp:attachment":[{"href":"https:\/\/eghonguzmanb.cl\/site\/wp-json\/wp\/v2\/media?parent=7385"}],"wp:term":[{"taxonomy":"category","embeddable":true,"href":"https:\/\/eghonguzmanb.cl\/site\/wp-json\/wp\/v2\/categories?post=7385"},{"taxonomy":"post_tag","embeddable":true,"href":"https:\/\/eghonguzmanb.cl\/site\/wp-json\/wp\/v2\/tags?post=7385"}],"curies":[{"name":"wp","href":"https:\/\/api.w.org\/{rel}","templated":true}]}}