{"id":6100,"date":"2022-04-11T01:28:23","date_gmt":"2022-04-11T01:28:23","guid":{"rendered":"https:\/\/eghonguzmanb.cl\/site\/?p=6100"},"modified":"2023-04-21T01:15:43","modified_gmt":"2023-04-21T01:15:43","slug":"reunion-mesa-social-covid-19-ministro-del-interior","status":"publish","type":"post","link":"https:\/\/eghonguzmanb.cl\/site\/2022\/04\/11\/reunion-mesa-social-covid-19-ministro-del-interior\/","title":{"rendered":"Reuni\u00f3n Mesa Social COVID 19 \u2013 Ministro del Interior"},"content":{"rendered":"\n<p>El presidente de nuestra asociaci\u00f3n, participante de la actual mesa social COVID 19, estuvo en la Reuni\u00f3n presencial con el Ministerio del interior, con el Ministro de Salud y el Ministro Bellolio en el Palacio de La Moneda; el objetivo principal firmar documento para la re formulaci\u00f3n de la mesa para el futuro, entre otras cosas con ingreso a ella de otros actores de distintos sectores, algunos permanentes y otros que ser\u00e1n invitados. Para el futuro, hasta fin de a\u00f1o por ahora.<\/p>\n\n\n\n<p>Su participaci\u00f3n es motivo de orgullo para nuestra instituci\u00f3n.<\/p>\n","protected":false},"excerpt":{"rendered":"<p>El presidente de nuestra asociaci\u00f3n, participante de la actual mesa social COVID 19, estuvo en la Reuni\u00f3n presencial con el Ministerio del interior, con el Ministro de Salud y el Ministro Bellolio en el Palacio de La Moneda; el objetivo principal firmar documento para la re formulaci\u00f3n de la mesa para el futuro, entre otras cosas con ingreso a ella de otros actores de distintos sectores, algunos permanentes y otros que ser\u00e1n invitados. Para el futuro, hasta fin de a\u00f1o por ahora. Su participaci\u00f3n es motivo de orgullo para nuestra instituci\u00f3n.<\/p>\n","protected":false},"author":1,"featured_media":6102,"comment_status":"closed","ping_status":"","sticky":false,"template":"","format":"standard","meta":{"footnotes":""},"categories":[5],"tags":[20,9],"class_list":["post-6100","post","type-post","status-publish","format-standard","has-post-thumbnail","hentry","category-noticias-periodo-asocimed","tag-covid","tag-eghon-guzman"],"_links":{"self":[{"href":"https:\/\/eghonguzmanb.cl\/site\/wp-json\/wp\/v2\/posts\/6100","targetHints":{"allow":["GET"]}}],"collection":[{"href":"https:\/\/eghonguzmanb.cl\/site\/wp-json\/wp\/v2\/posts"}],"about":[{"href":"https:\/\/eghonguzmanb.cl\/site\/wp-json\/wp\/v2\/types\/post"}],"author":[{"embeddable":true,"href":"https:\/\/eghonguzmanb.cl\/site\/wp-json\/wp\/v2\/users\/1"}],"replies":[{"embeddable":true,"href":"https:\/\/eghonguzmanb.cl\/site\/wp-json\/wp\/v2\/comments?post=6100"}],"version-history":[{"count":1,"href":"https:\/\/eghonguzmanb.cl\/site\/wp-json\/wp\/v2\/posts\/6100\/revisions"}],"predecessor-version":[{"id":6101,"href":"https:\/\/eghonguzmanb.cl\/site\/wp-json\/wp\/v2\/posts\/6100\/revisions\/6101"}],"wp:featuredmedia":[{"embeddable":true,"href":"https:\/\/eghonguzmanb.cl\/site\/wp-json\/wp\/v2\/media\/6102"}],"wp:attachment":[{"href":"https:\/\/eghonguzmanb.cl\/site\/wp-json\/wp\/v2\/media?parent=6100"}],"wp:term":[{"taxonomy":"category","embeddable":true,"href":"https:\/\/eghonguzmanb.cl\/site\/wp-json\/wp\/v2\/categories?post=6100"},{"taxonomy":"post_tag","embeddable":true,"href":"https:\/\/eghonguzmanb.cl\/site\/wp-json\/wp\/v2\/tags?post=6100"}],"curies":[{"name":"wp","href":"https:\/\/api.w.org\/{rel}","templated":true}]}}